{"id":545,"__str__":"Pedido de Indica\u00e7\u00e3o n\u00ba 52 de 2023","link_detail_backend":"/materia/545","metadata":{},"numero":52,"ano":2023,"numero_protocolo":null,"data_apresentacao":"2023-09-29","tipo_apresentacao":"","data_publicacao":null,"numero_origem_externa":"","ano_origem_externa":null,"data_origem_externa":null,"apelido":"","dias_prazo":null,"data_fim_prazo":null,"em_tramitacao":false,"polemica":false,"objeto":"","complementar":false,"ementa":"Que este Poder Legislativo, tendo em vista a proximidade da comemora\u00e7\u00e3o do cent\u00e9simo anivers\u00e1rio de emancipa\u00e7\u00e3o pol\u00edtico-administrativa de Nova Prata, institua mediante Resolu\u00e7\u00e3o o Concurso de Fotografias \u2018Resgatando Imagens e Mem\u00f3rias\u2019 e crie a Mostra Fotogr\u00e1fica \u2018Centen\u00e1rio de Nova Prata\u2019.","indexacao":"","observacao":"","resultado":"","texto_original":"http://sapl.novaprata.rs.leg.br/media/sapl/public/materialegislativa/2023/545/ped_ind_52.docx","data_ultima_atualizacao":"2023-10-10T16:43:07.068238-03:00","ip":"200.240.246.161","ultima_edicao":"2023-10-03T14:42:19.730242-03:00","tipo":1,"regime_tramitacao":1,"tipo_origem_externa":null,"local_origem_externa":null,"user":1,"anexadas":[],"autores":[18]}