{"id":1453,"__str__":"Pedido de Indica\u00e7\u00e3o n\u00ba 146 de 2025","link_detail_backend":"/materia/1453","metadata":{},"numero":146,"ano":2025,"numero_protocolo":null,"data_apresentacao":"2025-11-28","tipo_apresentacao":"","data_publicacao":null,"numero_origem_externa":"","ano_origem_externa":null,"data_origem_externa":null,"apelido":"","dias_prazo":null,"data_fim_prazo":null,"em_tramitacao":false,"polemica":false,"objeto":"","complementar":false,"ementa":"Solicita por interm\u00e9dio da Secretaria Municipal de Sa\u00fade, que seja inclu\u00eddo no Planejamento de Sa\u00fade para o ano de 2026 a oferta de Pr\u00e1ticas Integrativas e Complementares (PICs) nas Estrat\u00e9gias de Sa\u00fade da Fam\u00edlia (ESFs) e na Unidade B\u00e1sica de Sa\u00fade Central.","indexacao":"","observacao":"","resultado":"","texto_original":"http://sapl.novaprata.rs.leg.br/media/sapl/public/materialegislativa/2025/1453/ped_ind_146.2025.docx","data_ultima_atualizacao":"2025-12-02T14:05:47.890573-03:00","ip":"200.240.246.161","ultima_edicao":"2025-12-01T14:38:31.278475-03:00","tipo":1,"regime_tramitacao":1,"tipo_origem_externa":null,"local_origem_externa":null,"user":16,"anexadas":[],"autores":[46]}